{"id":2376,"date":"2019-01-15T16:32:18","date_gmt":"2019-01-15T15:32:18","guid":{"rendered":"http:\/\/www.boracay.it\/offerta-76-un-giorno-te-lo-regaliamo-noi\/"},"modified":"2019-02-21T16:34:49","modified_gmt":"2019-02-21T15:34:49","slug":"offerta-76-un-giorno-te-lo-regaliamo-noi","status":"publish","type":"post","link":"https:\/\/www.boracay.it\/fr\/offerte-fr\/offerta-76-un-giorno-te-lo-regaliamo-noi\/","title":{"rendered":"Offre 7=6 &#8230; nous vous offrons une journee!"},"content":{"rendered":"<p><img loading=\"lazy\" class=\"size-full wp-image-2952 alignright\" src=\"http:\/\/www.boracay.it\/wp-content\/uploads\/2019\/01\/offerta-vacanza-abruzzo-1giorno-gratis-4.jpg\" alt=\"offerta vacanza abruzzo 1 giorno gratis\" width=\"516\" height=\"516\" srcset=\"https:\/\/www.boracay.it\/wp-content\/uploads\/2019\/01\/offerta-vacanza-abruzzo-1giorno-gratis-4.jpg 516w, https:\/\/www.boracay.it\/wp-content\/uploads\/2019\/01\/offerta-vacanza-abruzzo-1giorno-gratis-4-160x160.jpg 160w, https:\/\/www.boracay.it\/wp-content\/uploads\/2019\/01\/offerta-vacanza-abruzzo-1giorno-gratis-4-320x320.jpg 320w\" sizes=\"(max-width: 516px) 100vw, 516px\" \/><\/p>\n<p>La saison estivale \u00e0 l&rsquo;<strong>h\u00f4tel Boracay Alba Adriatic<\/strong>a commence sous le signe des bonnes intentions!<\/p>\n<p>Vous pouvez rester \u00e0 Alba Adriatica avec la formule 7 = 6, en profitant de tous les services de notre h\u00f4tel.<\/p>\n<p>Si vous partez du<strong> 25 mai<\/strong> au <strong>14 juin<\/strong> et du 7 au 14 septembre 2019, une journ\u00e9e est GRATUITE!<\/p>\n<p><strong>Quels aspects tirent parti de l&rsquo;offre de vacances \u00e0 la mer?<\/strong><\/p>\n<p><a style=\"background-color: #04aaa7; color: #fff; padding: 20px;\" href=\"#contatto\"><strong>DEMANDER UN DEVIS<\/strong><\/a><\/p>\n<p>&nbsp;<\/p>\n<p><a id=\"contatto\" name=\"contatto\"><\/a><\/p>\n<section id=\"bt_section69f5fbbd49137\"  class=\"boldSection gutter inherit wBackground cover\" style=\"background-image:url('https:\/\/www.boracay.it\/wp-content\/uploads\/2019\/01\/Albergo-Alba-adriatica-bg-contatti-2.jpg');\"><div class=\"port\"><div class=\"boldCell\"><div class=\"boldCellInner\"><div class=\"boldRow \" ><div class=\"boldRowInner\"><div class=\"rowItem col-md-6 col-sm-12 btTextLeft btTextIndent inherit\"  data-width=\"6\"><div class=\"rowItemContent\" ><div class=\"rowItemContentInner\"><div class=\"btClear btSeparator bottomSpaced noBorder\" ><hr><\/div><header class=\"header btClear extralarge btDash bottomDash  btHeadlineDefaultColor btBottomDashAccentColor\" ><div class=\"dash\"><h2><span class=\"headline\">R\u00e9servez vos vacances<\/span><\/h2><\/div><\/header><div class=\"btText\" ><p>Pour plus d&rsquo;informations, demandez une estimation gratuite pour vos prochaines vacances \u00e0 la plage dans les Abruzzes ou pour toute autre demande, veuillez nous contacter aux adresses et adresses e-mail suivantes.<\/p>\n<\/div><div class=\"btClear btSeparator topSmallSpaced noBorder\" ><hr><\/div><div class=\"servicesItem  btIcoAccentColorIcon btIcoMediumSizeIcon \" style=\"font-size:20px;\"><div class=\"sIcon\"><span class=\"btIco btIcoMediumSize btIcoFilledType btIcoAccentColor\"><span  data-ico-s7=\"&#xe670;\" class=\"btIcoHolder\"><\/span><\/span><\/div><div class=\"sTxt\"><header class=\"header btClear medium\" ><div class=\"dash\"><h4><span class=\"headline\">T\u00e9l\u00e9phone<\/span><\/h4><\/div><\/header><p>+39 0861 71 36 12\r<br\/>+39 347 73 93 280<\/p><\/div><\/div><div class=\"btClear btSeparator bottomSmallSpaced noBorder\" ><hr><\/div><div class=\"servicesItem  btIcoAccentColorIcon btIcoMediumSizeIcon \" style=\"font-size:20px;\"><div class=\"sIcon\"><span class=\"btIco btIcoMediumSize btIcoFilledType btIcoAccentColor\"><span  data-ico-s7=\"&#xe63a;\" class=\"btIcoHolder\"><\/span><\/span><\/div><div class=\"sTxt\"><header class=\"header btClear medium\" ><div class=\"dash\"><h4><span class=\"headline\">Email<\/span><\/h4><\/div><\/header><p>info@boracay.it<\/p><\/div><\/div><div class=\"btClear btSeparator bottomSemiSpaced noBorder\" ><hr><\/div><\/div><\/div><\/div><div class=\"rowItem col-md-6 col-sm-12 btTextLeft\"  data-width=\"6\"><div class=\"rowItemContent\" ><div class=\"rowItemContentInner\"><div class=\"btClear btSeparator bottomSpaced noBorder\" ><hr><\/div><header class=\"header btClear medium btDash bottomDash  btHeadlineDefaultColor btBottomDashAccentColor\" ><div class=\"dash\"><h4><span class=\"headline\">Demande d&rsquo;information<\/span><\/h4><\/div><\/header><div class=\"btText\" ><div id=\"formContacto\"><\/div>\n<\/div><div class=\"btClear btSeparator bottomSmallSpaced noBorder\" ><hr><\/div><\/div><\/div><\/div><\/div><\/div><\/div><\/div><\/div><\/section>\n","protected":false},"excerpt":{"rendered":"<p>La saison estivale \u00e0 l&rsquo;h\u00f4tel Boracay Alba Adriatica commence sous le signe des bonnes intentions! Vous pouvez rester \u00e0 Alba Adriatica avec la formule 7 = 6, en profitant de tous les services de notre h\u00f4tel. Si vous partez du 25 mai au 14 juin et du 7 au 14 septembre 2019, une journ\u00e9e est [&hellip;]<\/p>\n","protected":false},"author":1,"featured_media":2954,"comment_status":"closed","ping_status":"closed","sticky":false,"template":"","format":"standard","meta":[],"categories":[59],"tags":[],"_links":{"self":[{"href":"https:\/\/www.boracay.it\/fr\/wp-json\/wp\/v2\/posts\/2376\/"}],"collection":[{"href":"https:\/\/www.boracay.it\/fr\/wp-json\/wp\/v2\/posts\/"}],"about":[{"href":"https:\/\/www.boracay.it\/fr\/wp-json\/wp\/v2\/types\/post\/"}],"author":[{"embeddable":true,"href":"https:\/\/www.boracay.it\/fr\/wp-json\/wp\/v2\/users\/1\/"}],"replies":[{"embeddable":true,"href":"https:\/\/www.boracay.it\/fr\/wp-json\/wp\/v2\/comments\/?post=2376"}],"version-history":[{"count":3,"href":"https:\/\/www.boracay.it\/fr\/wp-json\/wp\/v2\/posts\/2376\/revisions\/"}],"predecessor-version":[{"id":3231,"href":"https:\/\/www.boracay.it\/fr\/wp-json\/wp\/v2\/posts\/2376\/revisions\/3231\/"}],"wp:featuredmedia":[{"embeddable":true,"href":"https:\/\/www.boracay.it\/fr\/wp-json\/wp\/v2\/media\/2954\/"}],"wp:attachment":[{"href":"https:\/\/www.boracay.it\/fr\/wp-json\/wp\/v2\/media\/?parent=2376"}],"wp:term":[{"taxonomy":"category","embeddable":true,"href":"https:\/\/www.boracay.it\/fr\/wp-json\/wp\/v2\/categories\/?post=2376"},{"taxonomy":"post_tag","embeddable":true,"href":"https:\/\/www.boracay.it\/fr\/wp-json\/wp\/v2\/tags\/?post=2376"}],"curies":[{"name":"wp","href":"https:\/\/api.w.org\/{rel}","templated":true}]}}