{"id":2365,"date":"2019-01-15T16:32:49","date_gmt":"2019-01-15T15:32:49","guid":{"rendered":"http:\/\/www.boracay.it\/speciale-bimbo-gratis\/"},"modified":"2019-02-21T16:56:07","modified_gmt":"2019-02-21T15:56:07","slug":"speciale-bimbo-gratis","status":"publish","type":"post","link":"https:\/\/www.boracay.it\/fr\/offerte-fr\/speciale-bimbo-gratis\/","title":{"rendered":"Special Enfant Gratuit"},"content":{"rendered":"<div>\n<p><img loading=\"lazy\" class=\"alignright size-full wp-image-2995\" src=\"http:\/\/www.boracay.it\/wp-content\/uploads\/2019\/01\/hotel-bimbi-gratis-1.jpg\" alt=\"hotel bimbi gratis\" width=\"516\" height=\"516\" srcset=\"https:\/\/www.boracay.it\/wp-content\/uploads\/2019\/01\/hotel-bimbi-gratis-1.jpg 516w, https:\/\/www.boracay.it\/wp-content\/uploads\/2019\/01\/hotel-bimbi-gratis-1-160x160.jpg 160w, https:\/\/www.boracay.it\/wp-content\/uploads\/2019\/01\/hotel-bimbi-gratis-1-320x320.jpg 320w\" sizes=\"(max-width: 516px) 100vw, 516px\" \/><\/p>\n<p>Le d\u00e9but et la fin de l&rsquo;\u00e9t\u00e9 \u00e0 l&rsquo;<strong>h\u00f4tel Boracay<\/strong> sont pour tout le monde!<\/p>\n<p>Choisissez la mer des Abruzzes et les plages dor\u00e9es d&rsquo;Alba Adriatica en basse saison et votre enfant jusqu&rsquo;\u00e0 6 ans, gratuit, s\u00e9jour gratuit (3 lits dans la chambre des parents).<\/p>\n<p><strong>Profitez imm\u00e9diatement de l&rsquo;offre \u00e0 disponibilit\u00e9 limit\u00e9e.<\/strong><\/p>\n<p>&nbsp;<\/p>\n<p><a style=\"background-color: #04aaa7; color: #fff; padding: 20px;\" href=\"#contatto\">DEMANDER UN DEVIS<\/a><\/p>\n<p>&nbsp;<\/p>\n<\/div>\n<p><a id=\"contatto\" name=\"contatto\"><\/a><\/p>\n<section id=\"bt_section69f5eaf571dbb\"  class=\"boldSection gutter inherit wBackground cover\" style=\"background-image:url('https:\/\/www.boracay.it\/wp-content\/uploads\/2019\/01\/Albergo-Alba-adriatica-bg-contatti-2.jpg');\"><div class=\"port\"><div class=\"boldCell\"><div class=\"boldCellInner\"><div class=\"boldRow \" ><div class=\"boldRowInner\"><div class=\"rowItem col-md-6 col-sm-12 btTextLeft btTextIndent inherit\"  data-width=\"6\"><div class=\"rowItemContent\" ><div class=\"rowItemContentInner\"><div class=\"btClear btSeparator bottomSpaced noBorder\" ><hr><\/div><header class=\"header btClear extralarge btDash bottomDash  btHeadlineDefaultColor btBottomDashAccentColor\" ><div class=\"dash\"><h2><span class=\"headline\">R\u00e9servez vos vacances<\/span><\/h2><\/div><\/header><div class=\"btText\" ><p>Pour plus d&rsquo;informations, demandez une estimation gratuite pour vos prochaines vacances \u00e0 la plage dans les Abruzzes ou pour toute autre demande, veuillez nous contacter aux adresses et adresses e-mail suivantes.<\/p>\n<\/div><div class=\"btClear btSeparator topSmallSpaced noBorder\" ><hr><\/div><div class=\"servicesItem  btIcoAccentColorIcon btIcoMediumSizeIcon \" style=\"font-size:20px;\"><div class=\"sIcon\"><span class=\"btIco btIcoMediumSize btIcoFilledType btIcoAccentColor\"><span  data-ico-s7=\"&#xe670;\" class=\"btIcoHolder\"><\/span><\/span><\/div><div class=\"sTxt\"><header class=\"header btClear medium\" ><div class=\"dash\"><h4><span class=\"headline\">T\u00e9l\u00e9phone<\/span><\/h4><\/div><\/header><p>+39 0861 71 36 12\r<br\/>+39 347 73 93 280<\/p><\/div><\/div><div class=\"btClear btSeparator bottomSmallSpaced noBorder\" ><hr><\/div><div class=\"servicesItem  btIcoAccentColorIcon btIcoMediumSizeIcon \" style=\"font-size:20px;\"><div class=\"sIcon\"><span class=\"btIco btIcoMediumSize btIcoFilledType btIcoAccentColor\"><span  data-ico-s7=\"&#xe63a;\" class=\"btIcoHolder\"><\/span><\/span><\/div><div class=\"sTxt\"><header class=\"header btClear medium\" ><div class=\"dash\"><h4><span class=\"headline\">Email<\/span><\/h4><\/div><\/header><p>info@boracay.it<\/p><\/div><\/div><div class=\"btClear btSeparator bottomSemiSpaced noBorder\" ><hr><\/div><\/div><\/div><\/div><div class=\"rowItem col-md-6 col-sm-12 btTextLeft\"  data-width=\"6\"><div class=\"rowItemContent\" ><div class=\"rowItemContentInner\"><div class=\"btClear btSeparator bottomSpaced noBorder\" ><hr><\/div><header class=\"header btClear medium btDash bottomDash  btHeadlineDefaultColor btBottomDashAccentColor\" ><div class=\"dash\"><h4><span class=\"headline\">Demande d&rsquo;information<\/span><\/h4><\/div><\/header><div class=\"btText\" ><div id=\"formContacto\"><\/div>\n<\/div><div class=\"btClear btSeparator bottomSmallSpaced noBorder\" ><hr><\/div><\/div><\/div><\/div><\/div><\/div><\/div><\/div><\/div><\/section>\n","protected":false},"excerpt":{"rendered":"<p>Le d\u00e9but et la fin de l&rsquo;\u00e9t\u00e9 \u00e0 l&rsquo;h\u00f4tel Boracay sont pour tout le monde! Choisissez la mer des Abruzzes et les plages dor\u00e9es d&rsquo;Alba Adriatica en basse saison et votre enfant jusqu&rsquo;\u00e0 6 ans, gratuit, s\u00e9jour gratuit (3 lits dans la chambre des parents). Profitez imm\u00e9diatement de l&rsquo;offre \u00e0 disponibilit\u00e9 limit\u00e9e. &nbsp; DEMANDER UN [&hellip;]<\/p>\n","protected":false},"author":1,"featured_media":2997,"comment_status":"closed","ping_status":"closed","sticky":false,"template":"","format":"quote","meta":[],"categories":[59],"tags":[],"_links":{"self":[{"href":"https:\/\/www.boracay.it\/fr\/wp-json\/wp\/v2\/posts\/2365\/"}],"collection":[{"href":"https:\/\/www.boracay.it\/fr\/wp-json\/wp\/v2\/posts\/"}],"about":[{"href":"https:\/\/www.boracay.it\/fr\/wp-json\/wp\/v2\/types\/post\/"}],"author":[{"embeddable":true,"href":"https:\/\/www.boracay.it\/fr\/wp-json\/wp\/v2\/users\/1\/"}],"replies":[{"embeddable":true,"href":"https:\/\/www.boracay.it\/fr\/wp-json\/wp\/v2\/comments\/?post=2365"}],"version-history":[{"count":3,"href":"https:\/\/www.boracay.it\/fr\/wp-json\/wp\/v2\/posts\/2365\/revisions\/"}],"predecessor-version":[{"id":3246,"href":"https:\/\/www.boracay.it\/fr\/wp-json\/wp\/v2\/posts\/2365\/revisions\/3246\/"}],"wp:featuredmedia":[{"embeddable":true,"href":"https:\/\/www.boracay.it\/fr\/wp-json\/wp\/v2\/media\/2997\/"}],"wp:attachment":[{"href":"https:\/\/www.boracay.it\/fr\/wp-json\/wp\/v2\/media\/?parent=2365"}],"wp:term":[{"taxonomy":"category","embeddable":true,"href":"https:\/\/www.boracay.it\/fr\/wp-json\/wp\/v2\/categories\/?post=2365"},{"taxonomy":"post_tag","embeddable":true,"href":"https:\/\/www.boracay.it\/fr\/wp-json\/wp\/v2\/tags\/?post=2365"}],"curies":[{"name":"wp","href":"https:\/\/api.w.org\/{rel}","templated":true}]}}